{"id":1205,"date":"2026-03-12T12:28:38","date_gmt":"2026-03-12T11:28:38","guid":{"rendered":"https:\/\/santuariomontagnaspaccata.com\/?p=1205"},"modified":"2026-03-29T14:27:29","modified_gmt":"2026-03-29T13:27:29","slug":"la-via-crucis-della-montagna-spaccata","status":"publish","type":"post","link":"https:\/\/santuariomontagnaspaccata.com\/en\/la-via-crucis-della-montagna-spaccata\/","title":{"rendered":"La via crucis della Montagna Spaccata"},"content":{"rendered":"<p>Avvicinandoci sempre di pi\u00f9 alla Pasqua, \u00e8 sempre pi\u00f9 significativo osservare le stazioni della Via Crucis che aprono il percorso sacro della Montagna Spaccata, fino alla Cappella del Crocifisso. L&#8217;entrata \u00e8 sovrastata da un&#8217;incisione su marmo: <em>&#8220;Di qui si va per il monte aperto alla morte di Cristo&#8221;<\/em>, che sottolinea come amore e morte si uniscano nel dono che il Signore ha fatto al mondo con il suo sacrificio.<\/p>\n\n\n\n<p>Questa Via Crucis fu commissionata da Re Ferdinando II quando al Santuario erano presenti i monaci Alcantarini. \u00c8 caratterizzata da dipinti su maioliche di Vietri, realizzati da Raimondo Bruno nel 1849. Il pannello finale con tutte le stazioni della Passione fu completato nel 1850, sempre dallo stesso autore. Ogni stazione \u00e8 accompagnata dai versi del poeta e librettista Pietro Metastasio.<\/p>\n\n\n\n<p>La storia di questa Via Crucis \u00e8 legata ai Borbonici: utilizzando il Monte Orlando come zona militare, fecero rimuovere le antiche edicole che si trovavano lungo la strada. Il sovrano finanzi\u00f2 quindi questa nuova Via Crucis, alla quale fu particolarmente devoto. Soleva infatti venire con la corte a recitarla durante il periodo di Quaresima.<\/p>\n\n\n\n<p>Proprio come facciamo ancora oggi, mantenendo viva una tradizione cristiana che attraversa i secoli.<\/p>\n\n\n\n<figure class=\"wp-block-image size-large\"><img loading=\"lazy\" decoding=\"async\" width=\"768\" height=\"1024\" src=\"https:\/\/santuariomontagnaspaccata.com\/wp-content\/uploads\/2026\/03\/IMG_20260108_100331-1-768x1024.jpg\" alt=\"\" class=\"wp-image-1211\"\/><figcaption class=\"wp-element-caption\">Seconda Stazione <\/figcaption><\/figure>\n\n\n\n<p>Ma se Ges\u00f9 si vede<\/p>\n\n\n\n<p>Di Croce caricato<\/p>\n\n\n\n<p>Paga l&#8217;altrui peccato<\/p>\n\n\n\n<p>Il suo immenso Amor.<\/p>\n\n\n\n<p><em>Il corridoio della Via Crucis \u00e8 attualmente parzialmente chiuso per le impalcature legate al restauro dell&#8217;ala sud-occidentale del Santuario.<\/em><\/p>\n\n\n\n<figure class=\"wp-block-gallery has-nested-images columns-default is-cropped wp-block-gallery-1 is-layout-flex wp-block-gallery-is-layout-flex\">\n<figure class=\"wp-block-image size-large\"><img loading=\"lazy\" decoding=\"async\" width=\"1024\" height=\"683\" data-id=\"1210\" src=\"https:\/\/santuariomontagnaspaccata.com\/wp-content\/uploads\/2026\/03\/IMG_0320-1024x683.jpg\" alt=\"\" class=\"wp-image-1210\" srcset=\"https:\/\/santuariomontagnaspaccata.com\/wp-content\/uploads\/2026\/03\/IMG_0320-1024x683.jpg 1024w, https:\/\/santuariomontagnaspaccata.com\/wp-content\/uploads\/2026\/03\/IMG_0320-300x200.jpg 300w, https:\/\/santuariomontagnaspaccata.com\/wp-content\/uploads\/2026\/03\/IMG_0320-768x512.jpg 768w, https:\/\/santuariomontagnaspaccata.com\/wp-content\/uploads\/2026\/03\/IMG_0320-1536x1025.jpg 1536w, https:\/\/santuariomontagnaspaccata.com\/wp-content\/uploads\/2026\/03\/IMG_0320-18x12.jpg 18w, https:\/\/santuariomontagnaspaccata.com\/wp-content\/uploads\/2026\/03\/IMG_0320-1080x720.jpg 1080w\" sizes=\"(max-width: 1024px) 100vw, 1024px\" \/><figcaption class=\"wp-element-caption\">L&#8217;ingresso del Corridoio della Via Crucis<\/figcaption><\/figure>\n\n\n\n<figure class=\"wp-block-image size-large\"><img decoding=\"async\" data-id=\"1208\" src=\"https:\/\/santuariomontagnaspaccata.com\/wp-content\/uploads\/2026\/03\/B89A7204-1024x683.jpg\" alt=\"\" class=\"wp-image-1208\"\/><figcaption class=\"wp-element-caption\">Il pannello con tutte le stazioni<\/figcaption><\/figure>\n\n\n\n<figure class=\"wp-block-image size-large\"><img loading=\"lazy\" decoding=\"async\" width=\"1024\" height=\"819\" data-id=\"1209\" src=\"https:\/\/santuariomontagnaspaccata.com\/wp-content\/uploads\/2026\/03\/IMG_0336l-1024x819.jpg\" alt=\"\" class=\"wp-image-1209\" srcset=\"https:\/\/santuariomontagnaspaccata.com\/wp-content\/uploads\/2026\/03\/IMG_0336l-980x784.jpg 980w, https:\/\/santuariomontagnaspaccata.com\/wp-content\/uploads\/2026\/03\/IMG_0336l-480x384.jpg 480w\" sizes=\"(min-width: 0px) and (max-width: 480px) 480px, (min-width: 481px) and (max-width: 980px) 980px, (min-width: 981px) 1024px, 100vw\" \/><figcaption class=\"wp-element-caption\">Dettaglio del pannello<\/figcaption><\/figure>\n\n\n\n<figure class=\"wp-block-image size-large\"><img loading=\"lazy\" decoding=\"async\" width=\"1024\" height=\"691\" data-id=\"1206\" src=\"https:\/\/santuariomontagnaspaccata.com\/wp-content\/uploads\/2026\/03\/ingresso-corridoio-via-crucis-1024x691.jpg\" alt=\"\" class=\"wp-image-1206\" srcset=\"https:\/\/santuariomontagnaspaccata.com\/wp-content\/uploads\/2026\/03\/ingresso-corridoio-via-crucis-980x661.jpg 980w, https:\/\/santuariomontagnaspaccata.com\/wp-content\/uploads\/2026\/03\/ingresso-corridoio-via-crucis-480x324.jpg 480w\" sizes=\"(min-width: 0px) and (max-width: 480px) 480px, (min-width: 481px) and (max-width: 980px) 980px, (min-width: 981px) 1024px, 100vw\" \/><figcaption class=\"wp-element-caption\">Foto d&#8217;epoca del corridoio della Via Crucis <\/figcaption><\/figure>\n<\/figure>\n\n\n<div class=\"wp-block-post-date\"><time datetime=\"2026-03-12T12:28:38+01:00\">March 12, 2026<\/time><\/div>","protected":false},"excerpt":{"rendered":"<p>Avvicinandoci sempre di pi\u00f9 alla Pasqua, \u00e8 sempre pi\u00f9 significativo osservare le stazioni della Via Crucis che aprono il percorso sacro della Montagna Spaccata, fino alla Cappella del Crocifisso. L&#8217;entrata \u00e8 sovrastata da un&#8217;incisione su marmo: &#8220;Di qui si va per il monte aperto alla morte di Cristo&#8221;, che sottolinea come amore e morte si [&hellip;]<\/p>","protected":false},"author":4,"featured_media":1208,"comment_status":"closed","ping_status":"open","sticky":false,"template":"","format":"standard","meta":{"_acf_changed":false,"give_campaign_id":0,"_et_pb_use_builder":"","_et_pb_old_content":"","_et_gb_content_width":"","footnotes":""},"categories":[10],"tags":[26,14,18,24,82,17,66,45,23,16,67],"class_list":["post-1205","post","type-post","status-publish","format-standard","has-post-thumbnail","hentry","category-gruppi-di-preghiera","tag-grotta-del-turco","tag-gruppi-di-preghiera","tag-montagna-spaccata","tag-montagna-spaccata-gaeta","tag-pietro-metastasio","tag-pime-gaeta","tag-raimondo-bruno","tag-riflessioni-spirituali","tag-santuario-montagna-spaccata","tag-santuario-santissima-trinita","tag-via-crucis"],"acf":[],"_links":{"self":[{"href":"https:\/\/santuariomontagnaspaccata.com\/en\/wp-json\/wp\/v2\/posts\/1205","targetHints":{"allow":["GET"]}}],"collection":[{"href":"https:\/\/santuariomontagnaspaccata.com\/en\/wp-json\/wp\/v2\/posts"}],"about":[{"href":"https:\/\/santuariomontagnaspaccata.com\/en\/wp-json\/wp\/v2\/types\/post"}],"author":[{"embeddable":true,"href":"https:\/\/santuariomontagnaspaccata.com\/en\/wp-json\/wp\/v2\/users\/4"}],"replies":[{"embeddable":true,"href":"https:\/\/santuariomontagnaspaccata.com\/en\/wp-json\/wp\/v2\/comments?post=1205"}],"version-history":[{"count":2,"href":"https:\/\/santuariomontagnaspaccata.com\/en\/wp-json\/wp\/v2\/posts\/1205\/revisions"}],"predecessor-version":[{"id":1295,"href":"https:\/\/santuariomontagnaspaccata.com\/en\/wp-json\/wp\/v2\/posts\/1205\/revisions\/1295"}],"wp:featuredmedia":[{"embeddable":true,"href":"https:\/\/santuariomontagnaspaccata.com\/en\/wp-json\/wp\/v2\/media\/1208"}],"wp:attachment":[{"href":"https:\/\/santuariomontagnaspaccata.com\/en\/wp-json\/wp\/v2\/media?parent=1205"}],"wp:term":[{"taxonomy":"category","embeddable":true,"href":"https:\/\/santuariomontagnaspaccata.com\/en\/wp-json\/wp\/v2\/categories?post=1205"},{"taxonomy":"post_tag","embeddable":true,"href":"https:\/\/santuariomontagnaspaccata.com\/en\/wp-json\/wp\/v2\/tags?post=1205"}],"curies":[{"name":"wp","href":"https:\/\/api.w.org\/{rel}","templated":true}]}}